{"id":741,"date":"2014-01-01T16:51:20","date_gmt":"2014-01-01T21:51:20","guid":{"rendered":"http:\/\/diego.bonifaz.ec\/?p=741"},"modified":"2014-02-11T11:42:54","modified_gmt":"2014-02-11T16:42:54","slug":"los-candidatos-de-vive-listas-61-al-municipio-de-cayambe-y-sus-planes-de-trabajo","status":"publish","type":"post","link":"https:\/\/diego.bonifaz.ec\/?p=741","title":{"rendered":"Los Candidatos de VIVE LISTAS 61 al Municipio de Cayambe y sus Planes de Trabajo"},"content":{"rendered":"<p style=\"text-align: center;\"><strong><a href=\"http:\/\/diego.bonifaz.ec\/wp-content\/uploads\/2014\/01\/DSC_0178.jpg\"><img loading=\"lazy\" decoding=\"async\" class=\"aligncenter size-full wp-image-796\" title=\"DSC_0178\" src=\"http:\/\/diego.bonifaz.ec\/wp-content\/uploads\/2014\/01\/DSC_0178.jpg\" alt=\"\" width=\"4736\" height=\"3048\" srcset=\"https:\/\/diego.bonifaz.ec\/wp-content\/uploads\/2014\/01\/DSC_0178.jpg 4736w, https:\/\/diego.bonifaz.ec\/wp-content\/uploads\/2014\/01\/DSC_0178-300x193.jpg 300w, https:\/\/diego.bonifaz.ec\/wp-content\/uploads\/2014\/01\/DSC_0178-1024x659.jpg 1024w\" sizes=\"auto, (max-width: 4736px) 100vw, 4736px\" \/><\/a><\/strong><\/p>\n<p align=\"CENTER\"><span style=\"color: #ff0000;\"><span style=\"font-family: Liberation Serif;\"><span style=\"font-size: x-large;\"><strong>Alcalde<\/strong><\/span><\/span><\/span><\/p>\n<p align=\"LEFT\"><span style=\"color: #000000;\"><span style=\"font-family: Liberation Serif;\"><span style=\"font-size: medium;\"><a href=\"http:\/\/diego.bonifaz.ec\/wp-content\/uploads\/2014\/01\/Fotografia-diego-bonifaz.jpg\"><img loading=\"lazy\" decoding=\"async\" class=\"alignleft size-thumbnail wp-image-787\" title=\"Fotografia diego bonifaz\" src=\"http:\/\/diego.bonifaz.ec\/wp-content\/uploads\/2014\/01\/Fotografia-diego-bonifaz-150x150.jpg\" alt=\"\" width=\"150\" height=\"150\" \/><\/a>ING. DIEGO RAFAEL BONIFAZ ANDRADE<\/span><\/span><\/span><\/p>\n<p align=\"LEFT\"><span style=\"color: #000000;\"><span style=\"font-family: Calibri;\"><span style=\"font-size: small;\">Mi candidatura obedece al derecho que tienen todos los ciudadanos a escoger entre el desarrollo participativo que nosotros practicamos y el clientelismo y paternalismo que propician mis contrincantes.<\/span><\/span><\/span><\/p>\n<p style=\"text-align: left;\" align=\"CENTER\"><a href=\"http:\/\/diego.bonifaz.ec\/wp-content\/uploads\/2014\/01\/Plan-de-trabajo-alcalde.pdf\">Plan de trabajo alcalde<\/a><\/p>\n<p align=\"CENTER\"><span style=\"color: #ff0000;\"><span style=\"font-family: Liberation Serif;\"><span style=\"font-size: x-large;\"><strong>Concejales Urbanos<\/strong><\/span><\/span><\/span><\/p>\n<p align=\"LEFT\"><span style=\"color: #000000;\"><span style=\"font-family: Liberation Serif;\"><span style=\"font-size: medium;\"><a href=\"http:\/\/diego.bonifaz.ec\/wp-content\/uploads\/2014\/01\/Luis-Maldonado.jpg\"><img loading=\"lazy\" decoding=\"async\" class=\"alignleft size-thumbnail wp-image-788\" title=\"Luis Maldonado\" src=\"http:\/\/diego.bonifaz.ec\/wp-content\/uploads\/2014\/01\/Luis-Maldonado-150x150.jpg\" alt=\"\" width=\"150\" height=\"150\" \/><\/a>ING. LUIS FELIPE MALDONADO FERNANDEZ<\/span><\/span><\/span><\/p>\n<p align=\"LEFT\"><span style=\"color: #000000;\"><span style=\"font-family: Liberation Serif;\"><span style=\"font-size: medium;\">Soy Ingeniero Ge\u00f3logo de profesi\u00f3n, nac\u00ed en la parroquia de Juan Montalvo. Siempre preocupado por las necesidades b\u00e1sicas de mi pueblo, ahora trabajar\u00e9 con mucha decisi\u00f3n por Cayambe<\/span><\/span><\/span><\/p>\n<p align=\"LEFT\"><span style=\"color: #000000;\"><span style=\"font-family: Liberation Serif;\"><span style=\"font-size: medium;\">Suplente: MARIA TERESA AGUAS VAQUERO<\/span><\/span><\/span><\/p>\n<p align=\"LEFT\"><span style=\"color: #000000;\"><span style=\"font-family: Liberation Serif;\"><span style=\"font-size: medium;\"><a href=\"http:\/\/diego.bonifaz.ec\/wp-content\/uploads\/2014\/01\/Yolanda-Morales.jpg\"><img loading=\"lazy\" decoding=\"async\" class=\"alignleft size-thumbnail wp-image-789\" title=\"Yolanda Morales\" src=\"http:\/\/diego.bonifaz.ec\/wp-content\/uploads\/2014\/01\/Yolanda-Morales-150x150.jpg\" alt=\"\" width=\"150\" height=\"150\" \/><\/a>SARA YOLANDA MORALES ESPINOSA<\/span><\/span><\/span><\/p>\n<p>Llevo 45 a\u00f1os educando a la ni\u00f1ez de Cayambe y ahora voy a trabajar por todo mi cant\u00f3n.<\/p>\n<p align=\"LEFT\"><span style=\"color: #000000;\"><span style=\"font-family: Liberation Serif;\"><span style=\"font-size: medium;\">Suplente: CARLOS ALFREDO PI\u00d1EIROS ROSALES<\/span><\/span><\/span><\/p>\n<p align=\"LEFT\"><span style=\"color: #000000;\"><span style=\"font-family: Liberation Serif;\"><span style=\"font-size: medium;\"><a href=\"http:\/\/diego.bonifaz.ec\/wp-content\/uploads\/2014\/01\/Javier-cata\u00f1a.jpg\"><img loading=\"lazy\" decoding=\"async\" class=\"alignleft size-thumbnail wp-image-790\" title=\"Javier cata\u00f1a\" src=\"http:\/\/diego.bonifaz.ec\/wp-content\/uploads\/2014\/01\/Javier-cata\u00f1a-150x150.jpg\" alt=\"\" width=\"150\" height=\"150\" \/><\/a>RENE JAVIER CATA\u00d1A GUA\u00d1A<\/span><\/span><\/span><\/p>\n<p align=\"LEFT\"><span style=\"color: #000000;\"><span style=\"font-family: Liberation Serif;\"><span style=\"font-size: medium;\">Nac\u00ed en uno de los barrios tradicionales de Cayambe, barrio Sur, mi trabajo estar\u00e1 encaminado\u00a0 por el progreso de Cayambe en los \u00e1mbitos Deportivo,Tur\u00edstico y Seguridad Ciudadana.<\/span><\/span><\/span><\/p>\n<p align=\"LEFT\"><span style=\"color: #000000;\"><span style=\"font-family: Liberation Serif;\"><span style=\"font-size: medium;\">Suplente:ING. MARIA SUSANA COBACANGO CATUCUAGO<\/span><\/span><\/span><\/p>\n<p align=\"LEFT\"><span style=\"color: #000000;\"><span style=\"font-family: Liberation Serif;\"><span style=\"font-size: medium;\"><a href=\"http:\/\/diego.bonifaz.ec\/wp-content\/uploads\/2014\/01\/Veronica-Mesa.jpg\"><img loading=\"lazy\" decoding=\"async\" class=\"alignleft size-thumbnail wp-image-791\" title=\"Veronica Mesa\" src=\"http:\/\/diego.bonifaz.ec\/wp-content\/uploads\/2014\/01\/Veronica-Mesa-150x150.jpg\" alt=\"\" width=\"150\" height=\"150\" \/><\/a>ING. VERONICA ALEXANDRA MESA TUMBACO<\/span><\/span><\/span><\/p>\n<p align=\"LEFT\"><span style=\"color: #000000;\"><span style=\"font-family: Liberation Serif;\"><span style=\"font-size: medium;\">Soy una, joven profesional Cayambe\u00f1a y tengo el ferviente deseo de trabajar por mi querido cant\u00f3n y sus sectores mas vulnerables. Invito a todos los j\u00f3venes a unir se a esta noble causa.<\/span><\/span><\/span><\/p>\n<p align=\"LEFT\"><span style=\"color: #000000;\"><span style=\"font-family: Liberation Serif;\"><span style=\"font-size: medium;\">Suplente:VICENTE MANUEL TRUJILLO CRUZ <\/span><\/span><\/span><\/p>\n<p align=\"CENTER\"><span style=\"color: #ff0000;\"><span style=\"font-family: Liberation Serif;\"><span style=\"font-size: x-large;\"><strong>Concejales Rurales<\/strong><\/span><\/span><\/span><\/p>\n<p align=\"LEFT\"><span style=\"color: #000000;\"><span style=\"font-family: Liberation Serif;\"><span style=\"font-size: medium;\"><a href=\"http:\/\/diego.bonifaz.ec\/wp-content\/uploads\/2014\/01\/Pedro-Lanchimba.jpg\"><img loading=\"lazy\" decoding=\"async\" class=\"alignleft size-thumbnail wp-image-792\" title=\"Pedro Lanchimba\" src=\"http:\/\/diego.bonifaz.ec\/wp-content\/uploads\/2014\/01\/Pedro-Lanchimba-150x150.jpg\" alt=\"\" width=\"150\" height=\"150\" \/><\/a>PEDRO BENITO LANCHIMBA ACERO<\/span><\/span><\/span><\/p>\n<p align=\"LEFT\"><span style=\"color: #000000;\"><span style=\"font-family: Liberation Serif;\"><span style=\"font-size: medium;\">Soy un dirigente con capacidad de gesti\u00f3n , honestidad y experiencia, voy a trabajar por el agua potable, caminos vecinales y todas las necesidades de las comunidades.<\/span><\/span><\/span><\/p>\n<p align=\"LEFT\"><span style=\"color: #000000;\"><span style=\"font-family: Liberation Serif;\"><span style=\"font-size: medium;\">Suplente: MARIA OLIMPIA MARTINEZ TOAPANTA<\/span><\/span><\/span><\/p>\n<p align=\"LEFT\"><span style=\"color: #000000;\"><span style=\"font-family: Liberation Serif;\"><span style=\"font-size: medium;\"><a href=\"http:\/\/diego.bonifaz.ec\/wp-content\/uploads\/2014\/01\/DSCF74761.jpg\"><img loading=\"lazy\" decoding=\"async\" class=\"alignleft size-thumbnail wp-image-794\" title=\"DSCF7476\" src=\"http:\/\/diego.bonifaz.ec\/wp-content\/uploads\/2014\/01\/DSCF74761-150x150.jpg\" alt=\"\" width=\"150\" height=\"150\" \/><\/a>NANCY IRENE ULCUANGO TARABATA<\/span><\/span><\/span><\/p>\n<p align=\"LEFT\"><span style=\"color: #000000;\"><span style=\"font-family: Liberation Serif;\"><span style=\"font-size: medium;\">Pertenezco a la comunidad del Chaupi, parroquia de Olmedo; soy una mujer con mucha decisi\u00f3n para trabajar por el bienestar de las comunidades Cant\u00f3n.<\/span><\/span><\/span><\/p>\n<p align=\"LEFT\"><span style=\"color: #000000;\"><span style=\"font-family: Liberation Serif;\"><span style=\"font-size: medium;\">Suplente: JOSE PASCUAL FARINANGO COYAGO<\/span><\/span><\/span><\/p>\n<p align=\"LEFT\"><span style=\"color: #000000;\"><span style=\"font-family: Liberation Serif;\"><span style=\"font-size: medium;\"><a href=\"http:\/\/diego.bonifaz.ec\/wp-content\/uploads\/2014\/01\/DSCF0006_001.jpg\"><img loading=\"lazy\" decoding=\"async\" class=\"alignleft size-thumbnail wp-image-795\" title=\"DSCF0006_001\" src=\"http:\/\/diego.bonifaz.ec\/wp-content\/uploads\/2014\/01\/DSCF0006_001-150x150.jpg\" alt=\"\" width=\"150\" height=\"150\" \/><\/a>JUAN CAMPUES TITO<\/span><\/span><\/span><\/p>\n<p align=\"LEFT\"><span style=\"color: #000000;\"><span style=\"font-family: Liberation Serif;\"><span style=\"font-size: medium;\">Soy Ingeniero Agr\u00f3nomo, nac\u00ed en la Comunidad San Pablourco- Olmedo y crec\u00ed en la Comunidad de Paquiestancia -Ayora. He trabajado 30 a\u00f1os ayudando en la Agricultura y Ganader\u00eda de las Comunidades.<\/span><\/span><\/span><\/p>\n<p align=\"LEFT\"><span style=\"color: #000000;\"><span style=\"font-family: Liberation Serif;\"><span style=\"font-size: medium;\">Suplente: AMPARO ESTEFANIA ECHEVERIA LECHON<\/span><\/span><\/span><\/p>\n<p align=\"LEFT\"><a href=\"http:\/\/diego.bonifaz.ec\/wp-content\/uploads\/2014\/01\/Plan-de-trabajo-concejales.pdf\">Plan de trabajo concejales<\/a><\/p>\n<p align=\"LEFT\"><span style=\"color: #ff0000;\"><span style=\"font-family: Liberation Serif;\"><span style=\"font-size: x-large;\"><strong>Vocales de la Junta Parroquial de Asc\u00e1zubi<\/strong><\/span><\/span><\/span><\/p>\n<p align=\"LEFT\"><span style=\"color: #000000;\"><span style=\"font-family: Liberation Serif;\"><span style=\"font-size: medium;\">LUIS ELADIO CEVALLOS PASQUEL<\/span><\/span><\/span><\/p>\n<p align=\"LEFT\"><span style=\"color: #000000;\"><span style=\"font-family: Liberation Serif;\"><span style=\"font-size: medium;\">Suplente:SONIA MANUELA CASTRO PARRA<\/span><\/span><\/span><\/p>\n<p align=\"LEFT\"><span style=\"color: #000000;\"><span style=\"font-family: Liberation Serif;\"><span style=\"font-size: medium;\">MARJORIE FERNANDA CUEVA BEDOYA<\/span><\/span><\/span><\/p>\n<p align=\"LEFT\"><span style=\"color: #000000;\"><span style=\"font-family: Liberation Serif;\"><span style=\"font-size: medium;\">Suplente: JHON PAOLO QUISHPE GORDON<\/span><\/span><\/span><\/p>\n<p align=\"LEFT\"><span style=\"color: #000000;\"><span style=\"font-family: Liberation Serif;\"><span style=\"font-size: medium;\">HECTOR OCTAVIO FLORES BAIZA<\/span><\/span><\/span><\/p>\n<p align=\"LEFT\"><span style=\"color: #000000;\"><span style=\"font-family: Liberation Serif;\"><span style=\"font-size: medium;\">Suplente: MARIA LUCILA GUA\u00d1A<\/span><\/span><\/span><\/p>\n<p align=\"LEFT\"><span style=\"color: #000000;\"><span style=\"font-family: Liberation Serif;\"><span style=\"font-size: medium;\">ROSA EMPERATRIZ CAIZA FLORES<\/span><\/span><\/span><\/p>\n<p align=\"LEFT\"><span style=\"color: #000000;\"><span style=\"font-family: Liberation Serif;\"><span style=\"font-size: medium;\">Suplente:DIEGO EFRAIN PAVON SANCHEZ<\/span><\/span><\/span><\/p>\n<p align=\"LEFT\"><span style=\"color: #000000;\"><span style=\"font-family: Liberation Serif;\"><span style=\"font-size: medium;\">GUILLERMO MANUEL PAZMI\u00d1O CHICAIZA<\/span><\/span><\/span><\/p>\n<p align=\"LEFT\"><span style=\"color: #000000;\"><span style=\"font-family: Liberation Serif;\"><span style=\"font-size: medium;\">Suplente: ANA CAROLINA FALCON QUISHPE<\/span><\/span><\/span><\/p>\n<p align=\"LEFT\"><a href=\"http:\/\/diego.bonifaz.ec\/wp-content\/uploads\/2014\/01\/Plan-de-trabajo-ascazubi.pdf\">Plan de trabajo Asc\u00e1zubi<\/a><\/p>\n<p align=\"CENTER\"><span style=\"color: #ff0000;\"><span style=\"font-family: Liberation Serif;\"><span style=\"font-size: x-large;\"><strong>Vocales de la Junta Parroquial de Santa Rosa de Cusubamba<\/strong><\/span><\/span><\/span><\/p>\n<p align=\"LEFT\"><span style=\"color: #000000;\"><span style=\"font-family: Liberation Serif;\"><span style=\"font-size: medium;\">JUAN JOSE PINEDA JITALA<\/span><\/span><\/span><\/p>\n<p align=\"LEFT\"><span style=\"color: #000000;\"><span style=\"font-family: Liberation Serif;\"><span style=\"font-size: medium;\">Suplente: NELLY SUSANA FLORES SANTILL\u00c1N<\/span><\/span><\/span><\/p>\n<p align=\"LEFT\"><span style=\"color: #000000;\"><span style=\"font-family: Liberation Serif;\"><span style=\"font-size: medium;\">GLADIS MARIA LEON SANCHEZ<\/span><\/span><\/span><\/p>\n<p align=\"LEFT\"><span style=\"color: #000000;\"><span style=\"font-family: Liberation Serif;\"><span style=\"font-size: medium;\">Suplente:CARLOS MANUEL MALDONADO GUDI\u00d1O<\/span><\/span><\/span><\/p>\n<p align=\"LEFT\"><span style=\"color: #000000;\"><span style=\"font-family: Liberation Serif;\"><span style=\"font-size: medium;\">WASHINGTON MARCELO LANCHIMBA CEPEDA <\/span><\/span><\/span><\/p>\n<p align=\"LEFT\"><span style=\"color: #000000;\"><span style=\"font-family: Liberation Serif;\"><span style=\"font-size: medium;\">Suplente:ANA MARISOL QUINCHIGUANGO CEPEDA<\/span><\/span><\/span><\/p>\n<p align=\"LEFT\"><span style=\"color: #000000;\"><span style=\"font-family: Liberation Serif;\"><span style=\"font-size: medium;\">JENNY ELIZABETH TONTAG PUMA<\/span><\/span><\/span><\/p>\n<p align=\"LEFT\"><span style=\"color: #000000;\"><span style=\"font-family: Liberation Serif;\"><span style=\"font-size: medium;\">Suplente: VICTOR HERNAN SANCHEZ QUISHPE<\/span><\/span><\/span><\/p>\n<p align=\"LEFT\"><span style=\"color: #000000;\"><span style=\"font-family: Liberation Serif;\"><span style=\"font-size: medium;\">ROSENDO QUINAGUANO QUISPE<\/span><\/span><\/span><\/p>\n<p align=\"LEFT\"><span style=\"color: #000000;\"><span style=\"font-family: Liberation Serif;\"><span style=\"font-size: medium;\">Suplente: MAR\u00cdA ELVIRA SALCEDO CAHUE\u00d1AS<\/span><\/span><\/span><\/p>\n<p align=\"LEFT\"><a href=\"http:\/\/diego.bonifaz.ec\/wp-content\/uploads\/2014\/01\/Plan-de-trabajo-cusubamba.pdf\">Plan de trabajo Cusubamba<\/a><\/p>\n<p align=\"CENTER\"><span style=\"color: #ff0000;\"><span style=\"font-family: Liberation Serif;\"><span style=\"font-size: x-large;\"><strong>Vocales de la Junta Parroquial de Ot\u00f3n<\/strong><\/span><\/span><\/span><\/p>\n<p align=\"LEFT\"><span style=\"color: #000000;\"><span style=\"font-family: Liberation Serif;\"><span style=\"font-size: medium;\">LUIS RENE PINANJOTA GUA\u00d1A<\/span><\/span><\/span><\/p>\n<p align=\"LEFT\"><span style=\"color: #000000;\"><span style=\"font-family: Liberation Serif;\"><span style=\"font-size: medium;\">Suplente: NANCY SOLEDAD JITALA QUISHPE<\/span><\/span><\/span><\/p>\n<p align=\"LEFT\"><span style=\"color: #000000;\"><span style=\"font-family: Liberation Serif;\"><span style=\"font-size: medium;\">MERY PATRICIA CAHUE\u00d1AS CHUIQUIMBA <\/span><\/span><\/span><\/p>\n<p align=\"LEFT\"><span style=\"color: #000000;\"><span style=\"font-family: Liberation Serif;\"><span style=\"font-size: medium;\">Suplente: LUIS ARTURO QUISHPE QUINAHUANO<\/span><\/span><\/span><\/p>\n<p align=\"LEFT\"><span style=\"color: #000000;\"><span style=\"font-family: Liberation Serif;\"><span style=\"font-size: medium;\">CARLOS ALBERTO SANCHEZ IMBA<\/span><\/span><\/span><\/p>\n<p align=\"LEFT\"><span style=\"color: #000000;\"><span style=\"font-family: Liberation Serif;\"><span style=\"font-size: medium;\">Suplente: MARIA MERCEDES IMBAQUINGO ECHESI<\/span><\/span><\/span><\/p>\n<p align=\"LEFT\"><span style=\"color: #000000;\"><span style=\"font-family: Liberation Serif;\"><span style=\"font-size: medium;\">PATRICIA LILIANA CALUGUILLIN QUISHPE <\/span><\/span><\/span><\/p>\n<p align=\"LEFT\"><span style=\"color: #000000;\"><span style=\"font-family: Liberation Serif;\"><span style=\"font-size: medium;\">Suplente: VICTOR COBACANGO VIZCAINO<\/span><\/span><\/span><\/p>\n<p align=\"LEFT\"><span style=\"color: #000000;\"><span style=\"font-family: Liberation Serif;\"><span style=\"font-size: medium;\">LUIS ELIAS PINEDA O\u00d1A<\/span><\/span><\/span><\/p>\n<p align=\"LEFT\"><span style=\"color: #000000;\"><span style=\"font-family: Liberation Serif;\"><span style=\"font-size: medium;\">Suplente: KARINA ALEXANDRA GUA\u00d1A SANDOVAL<\/span><\/span><\/span><\/p>\n<p align=\"LEFT\"><a href=\"http:\/\/diego.bonifaz.ec\/wp-content\/uploads\/2014\/01\/PLAN-DE-TRABAJO-OT\u00d3N.docx\">PLAN DE TRABAJO OT\u00d3N<\/a><\/p>\n<p align=\"CENTER\"><span style=\"color: #ff0000;\"><span style=\"font-family: Liberation Serif;\"><span style=\"font-size: x-large;\"><strong>Vocales de la Junta Parroquial de Cangahua<\/strong><\/span><\/span><\/span><\/p>\n<p align=\"LEFT\"><span style=\"color: #000000;\"><span style=\"font-family: Liberation Serif;\"><span style=\"font-size: medium;\">EDWIN RODRIGO PILCA CHIMARRO<\/span><\/span><\/span><\/p>\n<p align=\"LEFT\"><span style=\"color: #000000;\"><span style=\"font-family: Liberation Serif;\"><span style=\"font-size: medium;\">Suplente: MARIA FRANCISCA TUGULINAGO ANDRANGO<\/span><\/span><\/span><\/p>\n<p align=\"LEFT\"><span style=\"color: #000000;\"><span style=\"font-family: Liberation Serif;\"><span style=\"font-size: medium;\">GUADALUPE ESTER TUTILLO CHOLANGO <\/span><\/span><\/span><\/p>\n<p align=\"LEFT\"><span style=\"color: #000000;\"><span style=\"font-family: Liberation Serif;\"><span style=\"font-size: medium;\">Suplente: JOSE MARIA LIMAICO TOAPANTA<\/span><\/span><\/span><\/p>\n<p align=\"LEFT\"><span style=\"color: #000000;\"><span style=\"font-family: Liberation Serif;\"><span style=\"font-size: medium;\">JORGE MARCELO PACHECO CHIMARRO<\/span><\/span><\/span><\/p>\n<p align=\"LEFT\"><span style=\"color: #000000;\"><span style=\"font-family: Liberation Serif;\"><span style=\"font-size: medium;\">Suplente: ERIKA ALEXANDRA FARINANGO GUALAVISI<\/span><\/span><\/span><\/p>\n<p align=\"LEFT\"><span style=\"color: #000000;\"><span style=\"font-family: Liberation Serif;\"><span style=\"font-size: medium;\">HILDA INES VILLALVA IMBAQUINGO<\/span><\/span><\/span><\/p>\n<p align=\"LEFT\"><span style=\"color: #000000;\"><span style=\"font-family: Liberation Serif;\"><span style=\"font-size: medium;\">Suplente: PATRICIO RODRIGO FARINANGO CHOLANGO<\/span><\/span><\/span><\/p>\n<p align=\"LEFT\"><span style=\"color: #000000;\"><span style=\"font-family: Liberation Serif;\"><span style=\"font-size: medium;\">JULIO MILTON ENCALADA TAMAYO<\/span><\/span><\/span><\/p>\n<p align=\"LEFT\"><span style=\"color: #000000;\"><span style=\"font-family: Liberation Serif;\"><span style=\"font-size: medium;\">Suplente: MARTA DOLORES USHI\u00d1A GARCIA<\/span><\/span><\/span><\/p>\n<p align=\"LEFT\"><a href=\"http:\/\/diego.bonifaz.ec\/wp-content\/uploads\/2014\/01\/Plan-de-trabajo-cangahua.pdf\">Plan de trabajo Cangahua<\/a><\/p>\n<p align=\"CENTER\"><span style=\"color: #ff0000;\"><span style=\"font-family: Liberation Serif;\"><span style=\"font-size: x-large;\"><strong>Vocales de la junta Parroquial de Ayora<\/strong><\/span><\/span><\/span><\/p>\n<p align=\"LEFT\"><span style=\"color: #000000;\"><span style=\"font-family: Liberation Serif;\"><span style=\"font-size: medium;\">VLADIMIR SANCHEZ SANCHEZ<\/span><\/span><\/span><\/p>\n<p align=\"LEFT\"><span style=\"color: #000000;\"><span style=\"font-family: Liberation Serif;\"><span style=\"font-size: medium;\">Suplente: NANCY JIMENA QUIMBIULCO BAROJA<\/span><\/span><\/span><\/p>\n<p align=\"LEFT\"><span style=\"color: #000000;\"><span style=\"font-family: Liberation Serif;\"><span style=\"font-size: medium;\">CLELIA MARILU ALVAREZ COLCHA<\/span><\/span><\/span><\/p>\n<p align=\"LEFT\"><span style=\"color: #000000;\"><span style=\"font-family: Liberation Serif;\"><span style=\"font-size: medium;\">Suplente:SEGUNDO GUACHAMIN TORRES<\/span><\/span><\/span><\/p>\n<p align=\"LEFT\"><span style=\"color: #000000;\"><span style=\"font-family: Liberation Serif;\"><span style=\"font-size: medium;\">LUIS ENRIQUEZ JARRIN SANCHEZ<\/span><\/span><\/span><\/p>\n<p align=\"LEFT\"><span style=\"color: #000000;\"><span style=\"font-family: Liberation Serif;\"><span style=\"font-size: medium;\">Suplente: ELVIA MARCELA FARINANGO<\/span><\/span><\/span><\/p>\n<p align=\"LEFT\"><span style=\"color: #000000;\"><span style=\"font-family: Liberation Serif;\"><span style=\"font-size: medium;\">MAYRA ALEXANDRA ROBALINO MENDEZ <\/span><\/span><\/span><\/p>\n<p align=\"LEFT\"><span style=\"color: #000000;\"><span style=\"font-family: Liberation Serif;\"><span style=\"font-size: medium;\">Suplente: LEONIDAS ANDRANGO ALBA<\/span><\/span><\/span><\/p>\n<p align=\"LEFT\"><span style=\"color: #000000;\"><span style=\"font-family: Liberation Serif;\"><span style=\"font-size: medium;\">MARCELO VICENTE JARRIN VALENCIA<\/span><\/span><\/span><\/p>\n<p align=\"LEFT\"><span style=\"color: #000000;\"><span style=\"font-family: Liberation Serif;\"><span style=\"font-size: medium;\">Suplente: SEIDA ESPERANZA FARINANGO FARINANGO <\/span><\/span><\/span><\/p>\n<p align=\"LEFT\"><a href=\"http:\/\/diego.bonifaz.ec\/wp-content\/uploads\/2014\/01\/Plan-de-trabajo-ayora.pdf\">Plan de trabajo Ayora<\/a><\/p>\n<table width=\"643\" cellspacing=\"0\" cellpadding=\"4\">\n<tbody>\n<tr valign=\"TOP\">\n<td bgcolor=\"#ffffff\" width=\"310\"><\/td>\n<td bgcolor=\"#ffffff\" width=\"315\"><\/td>\n<\/tr>\n<tr valign=\"TOP\">\n<td bgcolor=\"#ffffff\" width=\"310\"><\/td>\n<td bgcolor=\"#ffffff\" width=\"315\"><\/td>\n<\/tr>\n<tr valign=\"TOP\">\n<td bgcolor=\"#ffffff\" width=\"310\"><\/td>\n<td bgcolor=\"#ffffff\" width=\"315\"><\/td>\n<\/tr>\n<tr valign=\"TOP\">\n<td bgcolor=\"#ffffff\" width=\"310\"><\/td>\n<\/tr>\n<\/tbody>\n<\/table>\n","protected":false},"excerpt":{"rendered":"<p>Alcalde ING. DIEGO RAFAEL BONIFAZ ANDRADE Mi candidatura obedece al derecho que tienen todos los ciudadanos a escoger entre el desarrollo participativo que nosotros practicamos y el clientelismo y paternalismo que propician mis contrincantes. Plan de trabajo alcalde Concejales Urbanos &hellip; <a href=\"https:\/\/diego.bonifaz.ec\/?p=741\">Sigue leyendo <span class=\"meta-nav\">&rarr;<\/span><\/a><\/p>\n","protected":false},"author":1,"featured_media":0,"comment_status":"closed","ping_status":"closed","sticky":false,"template":"","format":"standard","meta":{"footnotes":""},"categories":[1],"tags":[10,3,66,39],"class_list":["post-741","post","type-post","status-publish","format-standard","hentry","category-sin-categoria","tag-cayambe","tag-diego-bonifaz","tag-elecciones-2014","tag-movimiento-vive"],"_links":{"self":[{"href":"https:\/\/diego.bonifaz.ec\/index.php?rest_route=\/wp\/v2\/posts\/741","targetHints":{"allow":["GET"]}}],"collection":[{"href":"https:\/\/diego.bonifaz.ec\/index.php?rest_route=\/wp\/v2\/posts"}],"about":[{"href":"https:\/\/diego.bonifaz.ec\/index.php?rest_route=\/wp\/v2\/types\/post"}],"author":[{"embeddable":true,"href":"https:\/\/diego.bonifaz.ec\/index.php?rest_route=\/wp\/v2\/users\/1"}],"replies":[{"embeddable":true,"href":"https:\/\/diego.bonifaz.ec\/index.php?rest_route=%2Fwp%2Fv2%2Fcomments&post=741"}],"version-history":[{"count":21,"href":"https:\/\/diego.bonifaz.ec\/index.php?rest_route=\/wp\/v2\/posts\/741\/revisions"}],"predecessor-version":[{"id":805,"href":"https:\/\/diego.bonifaz.ec\/index.php?rest_route=\/wp\/v2\/posts\/741\/revisions\/805"}],"wp:attachment":[{"href":"https:\/\/diego.bonifaz.ec\/index.php?rest_route=%2Fwp%2Fv2%2Fmedia&parent=741"}],"wp:term":[{"taxonomy":"category","embeddable":true,"href":"https:\/\/diego.bonifaz.ec\/index.php?rest_route=%2Fwp%2Fv2%2Fcategories&post=741"},{"taxonomy":"post_tag","embeddable":true,"href":"https:\/\/diego.bonifaz.ec\/index.php?rest_route=%2Fwp%2Fv2%2Ftags&post=741"}],"curies":[{"name":"wp","href":"https:\/\/api.w.org\/{rel}","templated":true}]}}